[{"@context":"https:\/\/schema.org\/","@type":"Article","@id":"https:\/\/www.tauh.cz\/propagovat-muze-leccos\/#Article","mainEntityOfPage":"https:\/\/www.tauh.cz\/propagovat-muze-leccos\/","headline":"Propagovat m\u016f\u017ee leccos","name":"Propagovat m\u016f\u017ee leccos","description":"Kdy\u017e jsme byli mal\u00ed, byl je\u0161t\u011b kapitalismus zavr\u017een\u00edhodn\u00fd a zahn\u00edvaj\u00edc\u00ed na z\u00e1pad od na\u0161ich hranic. A i o na\u0161\u00ed kapitalistick\u00e9&hellip;","datePublished":"2025-03-15","dateModified":"2025-03-15","author":{"@type":"Person","@id":"https:\/\/www.tauh.cz\/author\/#Person","name":"","url":"https:\/\/www.tauh.cz\/author\/","identifier":1,"image":{"@type":"ImageObject","@id":"https:\/\/secure.gravatar.com\/avatar\/6eaf701939e92690bed32d6f2e2c0f9e1355f2e3837c1fb45fbfacf848239e2d?s=96&d=mm&r=g","url":"https:\/\/secure.gravatar.com\/avatar\/6eaf701939e92690bed32d6f2e2c0f9e1355f2e3837c1fb45fbfacf848239e2d?s=96&d=mm&r=g","height":96,"width":96}},"publisher":{"@type":"Organization","name":"tauh.cz","logo":{"@type":"ImageObject","@id":"\/logo.png","url":"\/logo.png","width":600,"height":60}},"image":{"@type":"ImageObject","@id":"https:\/\/www.tauh.cz\/wp-content\/uploads\/t_10_1.jpg","url":"https:\/\/www.tauh.cz\/wp-content\/uploads\/t_10_1.jpg","height":0,"width":0},"url":"https:\/\/www.tauh.cz\/propagovat-muze-leccos\/","about":["Produkty"],"wordCount":399,"articleBody":"       Kdy\u017e jsme byli mal\u00ed, byl je\u0161t\u011b kapitalismus zavr\u017een\u00edhodn\u00fd a zahn\u00edvaj\u00edc\u00ed na z\u00e1pad od na\u0161ich hranic. A i o na\u0161\u00ed kapitalistick\u00e9 minulosti se informovalo v\u00fdhradn\u011b v negativn\u00edm duchu a socialistick\u00e1 propaganda jela na pln\u00e9 obr\u00e1tky. A tak si nap\u0159\u00edklad pamatuji tu\u0161\u00edm \u017ee film L\u00e1sky mezi kapkami de\u0161t\u011b, kde Vladim\u00edr Men\u0161\u00edk kon\u010d\u00ed jako chod\u00edc\u00ed stojan s reklamou, co\u017e pro n\u011bj byl vrchol pon\u00ed\u017een\u00ed. Dnes u\u017e je ale jin\u00e1 doba. Doba, kdy u\u017e je v\u0161eho v\u00edc ne\u017e dost. A kdy\u017e se tedy cht\u011bj\u00ed firmy u\u017eivit, mus\u00ed vyu\u017e\u00edt kdejakou formu sebepropagace. V\u0161echno, co oslov\u00ed potenci\u00e1ln\u00ed z\u00e1kazn\u00edky, je \u017e\u00e1douc\u00ed, nic se tu nem\u00e1 podcenit. A jenom ta forma reklamy se od on\u011bch d\u00e1vn\u00fdch dob prvn\u00ed republiky zm\u011bnila. A tak dnes sledujeme reklamy hlavn\u011b v m\u00e9di\u00edch. A asi tato zab\u00edr\u00e1, kdy\u017e jsou za ni firmy ochotny utr\u00e1cet velk\u00e9 pen\u00edze.Jen\u017ee je t\u011bch reklam moc. A tak se domn\u00edv\u00e1m, \u017ee to s jejich vlivem zase a\u017e tak slavn\u00e9 nen\u00ed. Lid\u00e9 si na n\u011b zvykli, \u010dasto je ignoruj\u00ed, b\u011bhem reklamn\u00edch p\u0159est\u00e1vek odch\u00e1zej\u00ed od televizor\u016f a podobn\u011b. A proto jsou tu i reklamy jin\u00e9. Kter\u00e9 mo\u017en\u00e1 neoslov\u00ed tolik lid\u00ed, ale maj\u00ed sv\u016fj smysl, p\u0159inejmen\u0161\u00edm proto, \u017ee se na n\u011b nezapomene okam\u017eit\u011b, jakmile skon\u010d\u00ed.Propagovat se toti\u017e d\u00e1 i reklamn\u00edmi p\u0159edm\u011bty. A ty maj\u00ed hned n\u011bkolik p\u0159ednost\u00ed. Vezm\u011bme si t\u0159eba takov\u00e1 reklamn\u00ed tri\u010dka https:\/\/www.promodarky.cz\/kategorie\/reklamni-textil\/tricka\/. Zapomenou lid\u00e9 to, co na takov\u00fdch tri\u010dk\u00e1ch vid\u011bli, jakmile jim tato jednou projdou rukama? Nezapomenou. Takov\u00e1 tri\u010dka se nos\u00ed del\u0161\u00ed dobu, tak\u017ee je ona reklama na o\u010d\u00edch t\u011bm, kdo je nos\u00ed, opakovan\u011b. A sou\u010dasn\u011b ji vid\u00ed lid\u00e9 v\u0161ude, kam u\u017eivatel\u00e9 takov\u00fdch tri\u010dek v t\u011bchto zav\u00edtaj\u00ed. A proto\u017ee maj\u00ed takov\u00e1 tri\u010dka svou u\u017eitnou hodnotu, neopovrhuje se takovouto reklamou.Ti, kdo s\u00e1zej\u00ed na reklamn\u00ed tri\u010dka, tak ur\u010dit\u011b dok\u00e1\u017eou oslovit ve\u0159ejnost a p\u0159edstavit se j\u00ed. A kdy\u017e na to p\u0159ijde, vy m\u016f\u017eete tak\u00e9. Proto\u017ee dnes u\u017e si m\u016f\u017ee takov\u00e1 tri\u010dka zajistit kdokoliv.                                                                                                                                                                                                                                                                                                                                                                                          3.9\/5 - (11 votes)        "},{"@context":"https:\/\/schema.org\/","@type":"BreadcrumbList","itemListElement":[{"@type":"ListItem","position":1,"name":"Propagovat m\u016f\u017ee leccos","item":"https:\/\/www.tauh.cz\/propagovat-muze-leccos\/#breadcrumbitem"}]}]