[{"@context":"https:\/\/schema.org\/","@type":"Article","@id":"https:\/\/www.tauh.cz\/cesi-a-jejich-dovolene-v-roce-2018\/#Article","mainEntityOfPage":"https:\/\/www.tauh.cz\/cesi-a-jejich-dovolene-v-roce-2018\/","headline":"\u010ce\u0161i a jejich dovolen\u00e9 v roce 2018","name":"\u010ce\u0161i a jejich dovolen\u00e9 v roce 2018","description":"Jak\u00e9 jsou post\u0159ehy z\u00a0prvn\u00ed polovina l\u00e9ta? Jak jsme na tom s\u00a0dovolenou? Kdy nej\u010dast\u011bji odj\u00ed\u017ed\u00edme u\u017e\u00edt si volna a str\u00e1vit kr\u00e1sn\u00e9&hellip;","datePublished":"2025-03-07","dateModified":"2023-04-26","author":{"@type":"Person","@id":"https:\/\/www.tauh.cz\/author\/#Person","name":"","url":"https:\/\/www.tauh.cz\/author\/","identifier":1,"image":{"@type":"ImageObject","@id":"https:\/\/secure.gravatar.com\/avatar\/6eaf701939e92690bed32d6f2e2c0f9e1355f2e3837c1fb45fbfacf848239e2d?s=96&d=mm&r=g","url":"https:\/\/secure.gravatar.com\/avatar\/6eaf701939e92690bed32d6f2e2c0f9e1355f2e3837c1fb45fbfacf848239e2d?s=96&d=mm&r=g","height":96,"width":96}},"publisher":{"@type":"Organization","name":"tauh.cz","logo":{"@type":"ImageObject","@id":"\/logo.png","url":"\/logo.png","width":600,"height":60}},"image":{"@type":"ImageObject","@id":"https:\/\/www.tauh.cz\/wp-content\/uploads\/img_a322138_w1906_t1533629831.jpg","url":"https:\/\/www.tauh.cz\/wp-content\/uploads\/img_a322138_w1906_t1533629831.jpg","height":0,"width":0},"url":"https:\/\/www.tauh.cz\/cesi-a-jejich-dovolene-v-roce-2018\/","wordCount":451,"articleBody":"Jak\u00e9 jsou post\u0159ehy z\u00a0prvn\u00ed polovina l\u00e9ta? Jak jsme na tom s\u00a0dovolenou? Kdy nej\u010dast\u011bji odj\u00ed\u017ed\u00edme u\u017e\u00edt si volna a str\u00e1vit kr\u00e1sn\u00e9 chvilky s\u00a0rodinou?\u00a0 N\u00ed\u017ee jsme pro v\u00e1s vybrali ty nejd\u016fle\u017eit\u011bj\u0161\u00ed miln\u00edky leto\u0161n\u00edho l\u00e9ta.Kdy?Pro \u010cechy je, jako ji\u017e n\u011bkolik let nejobl\u00edben\u011bj\u0161\u00edm term\u00ednem prvn\u00edch 14 dn\u00ed v\u00a0\u010dervenci. Men\u0161\u00ed pod\u00edl zde ur\u010dit\u011b hraj\u00ed dva st\u00e1tn\u00ed sv\u00e1tky, kter\u00e9 po\u010d\u00e1tek m\u011bs\u00edce \u010dervence prov\u00e1z\u00ed. V\u00a0tomto obdob\u00ed b\u00fdvaj\u00ed hotely, ubytov\u00e1n\u00ed i lety velmi \u010dasto vyprodan\u00e9 a obsazen\u00e9. Sousedn\u00edm zem\u00edm pr\u00e1zdniny za\u010d\u00edn\u00e1aj\u00ed a\u017e pozd\u011bji, tak\u017ee i toto je mo\u017en\u00fd d\u016fvod, pro\u010d \u010ce\u0161i vyr\u00e1\u017e\u00ed ihned na za\u010d\u00e1tku pr\u00e1zdnin.Kam autem?Mezi velmi obl\u00edben\u00e9 destinace, kam si mohou \u010ce\u0161i vyjet s\u00a0vlastn\u00edm automobilem, pat\u0159\u00ed ji\u017e n\u011bkolik let Chorvatsko a It\u00e1lie.\u00a0 Mezi dal\u0161\u00ed obl\u00edben\u00e9 a hojn\u011b nav\u0161t\u011bvovan\u00e9 pat\u0159\u00ed Slovensko a Rakousko a to ji\u017e za cykloturistikou, tak i turistikou.Kam let\u011bt?Pokud se \u010ce\u0161i rozhodnou pro leteckou dovolenou, d\u00e1vaj\u00ed nej\u010dast\u011bji p\u0159ednost \u0158ecku, \u0160pan\u011blsku, Turecku, Egyptu, Tunisku a Bulharsku. Tunisko a Egypt se po v\u0161ech t\u011bch teroristick\u00fdch \u00fatoc\u00edch za\u010d\u00ednaj\u00ed zp\u011bt st\u00e1vat popul\u00e1rn\u011bj\u0161\u00edmi a vyhled\u00e1van\u011bj\u0161\u00edmi zem\u011bmi ne\u017e nap\u0159\u00edklad v\u00a0lo\u0148sk\u00e9m roce.Co \u010ce\u0161i za\u010d\u00ednaj\u00ed vyhled\u00e1vat?V\u00a0posledn\u00edch letech za\u010d\u00ednaj\u00ed b\u00fdt pro \u010cechy tak\u00e9 velmi atraktivn\u00ed exotick\u00e9 zem\u011b jako nap\u0159\u00edklad Dominik\u00e1nsk\u00e1 republika, Maledivy, Kapverdy, Mauricius, Thajsko aj. Zde u\u017e jsou dovolen\u00e9 pom\u011brn\u011b dra\u017e\u0161\u00ed v\u00a0porovn\u00e1n\u00ed s\u00a0t\u011bmi, kter\u00e9 jsme uv\u00e1d\u011bli v\u00fd\u0161e.A co pozn\u00e1vac\u00ed z\u00e1jezdy?Ani tento typ z\u00e1jezd\u016f \u010ce\u0161i zcela nezavrhuj\u00ed. Velmi obl\u00edben\u00e9 jsou eurov\u00edkendy, kter\u00e9 jsou ov\u0161em velmi nabit\u00e9 zaj\u00edmav\u00fdm programem. Zde stoj\u00ed za zm\u00ednku nap\u0159\u00edklad Rusko nebo Skandin\u00e1vie.Na jak dlouho nej\u010dast\u011bji vyj\u00ed\u017ed\u00edme?Nej\u010dast\u011bji si dovolenou vol\u00edme v\u00a0rozmez\u00ed 7 a 10 dn\u016f. Velmi \u010dasto je tak\u00e9 po\u017eadov\u00e1na slu\u017eba all inclusive, kter\u00e1 je st\u00e1le obl\u00edben\u011bj\u0161\u00ed. \u017d\u00e1dn\u00fdm p\u0159ekvapen\u00edm tak\u00e9 nen\u00ed to, \u017ee \u010ce\u0161i velmi \u010dasto jezd\u00ed i na dv\u011b dovolen\u00e9.\u00a0A co \u010cesk\u00e1 republika?Je t\u0159eba zm\u00ednit i zvy\u0161uj\u00edc\u00ed se z\u00e1jem o cestov\u00e1n\u00ed v\u00a0zemi mati\u010dce, a to u n\u00e1s. Nejobl\u00edben\u011bj\u0161\u00edmi oblastmi jsou Ji\u017en\u00ed Morava, Ji\u017en\u00ed \u010cechy a samoz\u0159ejm\u011b hlavn\u00ed m\u011bsto Praha.                                                                                                                                                                                                                                                                                                                                                                                        4\/5 - (9 votes)        "},{"@context":"https:\/\/schema.org\/","@type":"BreadcrumbList","itemListElement":[{"@type":"ListItem","position":1,"name":"\u010ce\u0161i a jejich dovolen\u00e9 v roce 2018","item":"https:\/\/www.tauh.cz\/cesi-a-jejich-dovolene-v-roce-2018\/#breadcrumbitem"}]}]